{"id":849,"date":"2019-07-15T07:58:24","date_gmt":"2019-07-15T05:58:24","guid":{"rendered":"https:\/\/skyddad.se\/digital-sakerhet\/?p=849"},"modified":"2021-04-29T23:13:57","modified_gmt":"2021-04-29T21:13:57","slug":"jag-har-blivit-av-med-mitt-pass-vad-gor-jag","status":"publish","type":"post","link":"https:\/\/skyddad.se\/digital-sakerhet\/expertpanelen\/jag-har-blivit-av-med-mitt-pass-vad-gor-jag\/","title":{"rendered":"Jag har blivit av med mitt pass, vad g\u00f6r jag?"},"content":{"rendered":"\n<p>Om du blivit bestulen p\u00e5 ditt pass ska du anm\u00e4la det till polisen. Ring 114 14 eller bes\u00f6k en polisstation. N\u00e4r du anm\u00e4ler kommer passet att sp\u00e4rras.<\/p>\n\n\n\n<p><strong>Besvarad av: Skyddad.se<\/strong><\/p>\n","protected":false},"excerpt":{"rendered":"<p>Om du blivit bestulen p\u00e5 ditt pass ska du anm\u00e4la det till polisen. Ring 114 14 eller bes\u00f6k en polisstation. N\u00e4r du anm\u00e4ler kommer passet att sp\u00e4rras. Besvarad av: Skyddad.se<\/p>\n","protected":false},"author":154261246,"featured_media":909,"comment_status":"open","ping_status":"open","sticky":false,"template":"","format":"standard","meta":{"footnotes":""},"categories":[1372351,1372454],"tags":[],"ppma_author":[1372531],"class_list":{"0":"post-849","1":"post","2":"type-post","3":"status-publish","4":"format-standard","5":"has-post-thumbnail","7":"category-expertpanelen","8":"category-stold"},"yoast_head":"<!-- This site is optimized with the Yoast SEO plugin v27.4 - https:\/\/yoast.com\/product\/yoast-seo-wordpress\/ -->\n<title>Jag har blivit av med mitt pass, vad g\u00f6r jag?<\/title>\n<meta name=\"robots\" content=\"index, follow, max-snippet:-1, max-image-preview:large, max-video-preview:-1\" \/>\n<link rel=\"canonical\" href=\"https:\/\/skyddad.se\/digital-sakerhet\/expertpanelen\/jag-har-blivit-av-med-mitt-pass-vad-gor-jag\/\" \/>\n<meta property=\"og:locale\" content=\"sv_SE\" \/>\n<meta property=\"og:type\" content=\"article\" \/>\n<meta property=\"og:title\" content=\"Jag har blivit av med mitt pass, vad g\u00f6r jag?\" \/>\n<meta property=\"og:description\" content=\"Om du blivit bestulen p\u00e5 ditt pass ska du anm\u00e4la det till polisen. Ring 114 14 eller bes\u00f6k en polisstation. N\u00e4r du anm\u00e4ler kommer passet att sp\u00e4rras. Besvarad av: Skyddad.se\" \/>\n<meta property=\"og:url\" content=\"https:\/\/skyddad.se\/digital-sakerhet\/expertpanelen\/jag-har-blivit-av-med-mitt-pass-vad-gor-jag\/\" \/>\n<meta property=\"og:site_name\" content=\"Skyddad.se\" \/>\n<meta property=\"article:publisher\" content=\"https:\/\/www.facebook.com\/skyddad.se\" \/>\n<meta property=\"article:published_time\" content=\"2019-07-15T05:58:24+00:00\" \/>\n<meta property=\"article:modified_time\" content=\"2021-04-29T21:13:57+00:00\" \/>\n<meta property=\"og:image\" content=\"https:\/\/skyddad.se\/digital-sakerhet\/wp-content\/uploads\/2019\/07\/pass_s.jpg\" \/>\n\t<meta property=\"og:image:width\" content=\"1998\" \/>\n\t<meta property=\"og:image:height\" content=\"1500\" \/>\n\t<meta property=\"og:image:type\" content=\"image\/jpeg\" \/>\n<meta name=\"author\" content=\"Skyddad.se\" \/>\n<meta name=\"twitter:card\" content=\"summary_large_image\" \/>\n<meta name=\"twitter:label1\" content=\"Skriven av\" \/>\n\t<meta name=\"twitter:data1\" content=\"Skyddad.se\" \/>\n<script type=\"application\/ld+json\" class=\"yoast-schema-graph\">{\"@context\":\"https:\\\/\\\/schema.org\",\"@graph\":[{\"@type\":\"Article\",\"@id\":\"https:\\\/\\\/skyddad.se\\\/digital-sakerhet\\\/expertpanelen\\\/jag-har-blivit-av-med-mitt-pass-vad-gor-jag\\\/#article\",\"isPartOf\":{\"@id\":\"https:\\\/\\\/skyddad.se\\\/digital-sakerhet\\\/expertpanelen\\\/jag-har-blivit-av-med-mitt-pass-vad-gor-jag\\\/\"},\"author\":{\"name\":\"Skyddad.se\",\"@id\":\"https:\\\/\\\/skyddad.se\\\/digital-sakerhet\\\/#\\\/schema\\\/person\\\/d2bb4ef885526a8c7d21d18f1ee66fe6\"},\"headline\":\"Jag har blivit av med mitt pass, vad g\u00f6r jag?\",\"datePublished\":\"2019-07-15T05:58:24+00:00\",\"dateModified\":\"2021-04-29T21:13:57+00:00\",\"mainEntityOfPage\":{\"@id\":\"https:\\\/\\\/skyddad.se\\\/digital-sakerhet\\\/expertpanelen\\\/jag-har-blivit-av-med-mitt-pass-vad-gor-jag\\\/\"},\"wordCount\":45,\"commentCount\":0,\"publisher\":{\"@id\":\"https:\\\/\\\/skyddad.se\\\/digital-sakerhet\\\/#organization\"},\"image\":{\"@id\":\"https:\\\/\\\/skyddad.se\\\/digital-sakerhet\\\/expertpanelen\\\/jag-har-blivit-av-med-mitt-pass-vad-gor-jag\\\/#primaryimage\"},\"thumbnailUrl\":\"https:\\\/\\\/skyddad.se\\\/digital-sakerhet\\\/wp-content\\\/uploads\\\/2019\\\/07\\\/pass_s.jpg\",\"articleSection\":[\"Expertpanelen\",\"St\u00f6ld\"],\"inLanguage\":\"sv-SE\",\"potentialAction\":[{\"@type\":\"CommentAction\",\"name\":\"Comment\",\"target\":[\"https:\\\/\\\/skyddad.se\\\/digital-sakerhet\\\/expertpanelen\\\/jag-har-blivit-av-med-mitt-pass-vad-gor-jag\\\/#respond\"]}]},{\"@type\":\"WebPage\",\"@id\":\"https:\\\/\\\/skyddad.se\\\/digital-sakerhet\\\/expertpanelen\\\/jag-har-blivit-av-med-mitt-pass-vad-gor-jag\\\/\",\"url\":\"https:\\\/\\\/skyddad.se\\\/digital-sakerhet\\\/expertpanelen\\\/jag-har-blivit-av-med-mitt-pass-vad-gor-jag\\\/\",\"name\":\"Jag har blivit av med mitt pass, vad g\u00f6r jag?\",\"isPartOf\":{\"@id\":\"https:\\\/\\\/skyddad.se\\\/digital-sakerhet\\\/#website\"},\"primaryImageOfPage\":{\"@id\":\"https:\\\/\\\/skyddad.se\\\/digital-sakerhet\\\/expertpanelen\\\/jag-har-blivit-av-med-mitt-pass-vad-gor-jag\\\/#primaryimage\"},\"image\":{\"@id\":\"https:\\\/\\\/skyddad.se\\\/digital-sakerhet\\\/expertpanelen\\\/jag-har-blivit-av-med-mitt-pass-vad-gor-jag\\\/#primaryimage\"},\"thumbnailUrl\":\"https:\\\/\\\/skyddad.se\\\/digital-sakerhet\\\/wp-content\\\/uploads\\\/2019\\\/07\\\/pass_s.jpg\",\"datePublished\":\"2019-07-15T05:58:24+00:00\",\"dateModified\":\"2021-04-29T21:13:57+00:00\",\"breadcrumb\":{\"@id\":\"https:\\\/\\\/skyddad.se\\\/digital-sakerhet\\\/expertpanelen\\\/jag-har-blivit-av-med-mitt-pass-vad-gor-jag\\\/#breadcrumb\"},\"inLanguage\":\"sv-SE\",\"potentialAction\":[{\"@type\":\"ReadAction\",\"target\":[\"https:\\\/\\\/skyddad.se\\\/digital-sakerhet\\\/expertpanelen\\\/jag-har-blivit-av-med-mitt-pass-vad-gor-jag\\\/\"]}]},{\"@type\":\"ImageObject\",\"inLanguage\":\"sv-SE\",\"@id\":\"https:\\\/\\\/skyddad.se\\\/digital-sakerhet\\\/expertpanelen\\\/jag-har-blivit-av-med-mitt-pass-vad-gor-jag\\\/#primaryimage\",\"url\":\"https:\\\/\\\/skyddad.se\\\/digital-sakerhet\\\/wp-content\\\/uploads\\\/2019\\\/07\\\/pass_s.jpg\",\"contentUrl\":\"https:\\\/\\\/skyddad.se\\\/digital-sakerhet\\\/wp-content\\\/uploads\\\/2019\\\/07\\\/pass_s.jpg\",\"width\":1998,\"height\":1500},{\"@type\":\"BreadcrumbList\",\"@id\":\"https:\\\/\\\/skyddad.se\\\/digital-sakerhet\\\/expertpanelen\\\/jag-har-blivit-av-med-mitt-pass-vad-gor-jag\\\/#breadcrumb\",\"itemListElement\":[{\"@type\":\"ListItem\",\"position\":1,\"name\":\"Hem\",\"item\":\"https:\\\/\\\/skyddad.se\\\/digital-sakerhet\\\/\"},{\"@type\":\"ListItem\",\"position\":2,\"name\":\"Jag har blivit av med mitt pass, vad g\u00f6r jag?\"}]},{\"@type\":\"WebSite\",\"@id\":\"https:\\\/\\\/skyddad.se\\\/digital-sakerhet\\\/#website\",\"url\":\"https:\\\/\\\/skyddad.se\\\/digital-sakerhet\\\/\",\"name\":\"Skyddad.se\",\"description\":\"Din digitala s\u00e4kerhet\",\"publisher\":{\"@id\":\"https:\\\/\\\/skyddad.se\\\/digital-sakerhet\\\/#organization\"},\"potentialAction\":[{\"@type\":\"SearchAction\",\"target\":{\"@type\":\"EntryPoint\",\"urlTemplate\":\"https:\\\/\\\/skyddad.se\\\/digital-sakerhet\\\/?s={search_term_string}\"},\"query-input\":{\"@type\":\"PropertyValueSpecification\",\"valueRequired\":true,\"valueName\":\"search_term_string\"}}],\"inLanguage\":\"sv-SE\"},{\"@type\":\"Organization\",\"@id\":\"https:\\\/\\\/skyddad.se\\\/digital-sakerhet\\\/#organization\",\"name\":\"Skyddad.se\",\"url\":\"https:\\\/\\\/skyddad.se\\\/digital-sakerhet\\\/\",\"logo\":{\"@type\":\"ImageObject\",\"inLanguage\":\"sv-SE\",\"@id\":\"https:\\\/\\\/skyddad.se\\\/digital-sakerhet\\\/#\\\/schema\\\/logo\\\/image\\\/\",\"url\":\"https:\\\/\\\/skyddad.se\\\/digital-sakerhet\\\/wp-content\\\/uploads\\\/2019\\\/07\\\/retina_logo_skyddad.png\",\"contentUrl\":\"https:\\\/\\\/skyddad.se\\\/digital-sakerhet\\\/wp-content\\\/uploads\\\/2019\\\/07\\\/retina_logo_skyddad.png\",\"width\":544,\"height\":180,\"caption\":\"Skyddad.se\"},\"image\":{\"@id\":\"https:\\\/\\\/skyddad.se\\\/digital-sakerhet\\\/#\\\/schema\\\/logo\\\/image\\\/\"},\"sameAs\":[\"https:\\\/\\\/www.facebook.com\\\/skyddad.se\",\"https:\\\/\\\/www.instagram.com\\\/skyddad.se\\\/\"]},{\"@type\":\"Person\",\"@id\":\"https:\\\/\\\/skyddad.se\\\/digital-sakerhet\\\/#\\\/schema\\\/person\\\/d2bb4ef885526a8c7d21d18f1ee66fe6\",\"name\":\"Skyddad.se\",\"image\":{\"@type\":\"ImageObject\",\"inLanguage\":\"sv-SE\",\"@id\":\"https:\\\/\\\/secure.gravatar.com\\\/avatar\\\/62fcd42df9348a64f2cb9bf4f63193aeae044703522d97d1d735d7d2624c77ee?s=96&d=identicon&r=gca6931c74cffc701535fe19a98694f58\",\"url\":\"https:\\\/\\\/secure.gravatar.com\\\/avatar\\\/62fcd42df9348a64f2cb9bf4f63193aeae044703522d97d1d735d7d2624c77ee?s=96&d=identicon&r=g\",\"contentUrl\":\"https:\\\/\\\/secure.gravatar.com\\\/avatar\\\/62fcd42df9348a64f2cb9bf4f63193aeae044703522d97d1d735d7d2624c77ee?s=96&d=identicon&r=g\",\"caption\":\"Skyddad.se\"},\"description\":\"P\u00e5 Skyddad.se f\u00f6renar vi Saddaf Sempers \u00f6ver tv\u00e5 decenniers erfarenhet inom IT-s\u00e4kerhet med Ola Josefsons f\u00f6rm\u00e5ga att se digital trygghet ur den vanliga anv\u00e4ndarens perspektiv. Tillsammans skapar vi inneh\u00e5ll som b\u00e5de \u00e4r tekniskt gediget och enkelt att ta till sig, s\u00e5 att du f\u00e5r ett skydd som fungerar i vardagen.\",\"sameAs\":[\"https:\\\/\\\/skyddad.se\"]}]}<\/script>\n<!-- \/ Yoast SEO plugin. -->","yoast_head_json":{"title":"Jag har blivit av med mitt pass, vad g\u00f6r jag?","robots":{"index":"index","follow":"follow","max-snippet":"max-snippet:-1","max-image-preview":"max-image-preview:large","max-video-preview":"max-video-preview:-1"},"canonical":"https:\/\/skyddad.se\/digital-sakerhet\/expertpanelen\/jag-har-blivit-av-med-mitt-pass-vad-gor-jag\/","og_locale":"sv_SE","og_type":"article","og_title":"Jag har blivit av med mitt pass, vad g\u00f6r jag?","og_description":"Om du blivit bestulen p\u00e5 ditt pass ska du anm\u00e4la det till polisen. Ring 114 14 eller bes\u00f6k en polisstation. N\u00e4r du anm\u00e4ler kommer passet att sp\u00e4rras. Besvarad av: Skyddad.se","og_url":"https:\/\/skyddad.se\/digital-sakerhet\/expertpanelen\/jag-har-blivit-av-med-mitt-pass-vad-gor-jag\/","og_site_name":"Skyddad.se","article_publisher":"https:\/\/www.facebook.com\/skyddad.se","article_published_time":"2019-07-15T05:58:24+00:00","article_modified_time":"2021-04-29T21:13:57+00:00","og_image":[{"width":1998,"height":1500,"url":"https:\/\/skyddad.se\/digital-sakerhet\/wp-content\/uploads\/2019\/07\/pass_s.jpg","type":"image\/jpeg"}],"author":"Skyddad.se","twitter_card":"summary_large_image","twitter_misc":{"Skriven av":"Skyddad.se"},"schema":{"@context":"https:\/\/schema.org","@graph":[{"@type":"Article","@id":"https:\/\/skyddad.se\/digital-sakerhet\/expertpanelen\/jag-har-blivit-av-med-mitt-pass-vad-gor-jag\/#article","isPartOf":{"@id":"https:\/\/skyddad.se\/digital-sakerhet\/expertpanelen\/jag-har-blivit-av-med-mitt-pass-vad-gor-jag\/"},"author":{"name":"Skyddad.se","@id":"https:\/\/skyddad.se\/digital-sakerhet\/#\/schema\/person\/d2bb4ef885526a8c7d21d18f1ee66fe6"},"headline":"Jag har blivit av med mitt pass, vad g\u00f6r jag?","datePublished":"2019-07-15T05:58:24+00:00","dateModified":"2021-04-29T21:13:57+00:00","mainEntityOfPage":{"@id":"https:\/\/skyddad.se\/digital-sakerhet\/expertpanelen\/jag-har-blivit-av-med-mitt-pass-vad-gor-jag\/"},"wordCount":45,"commentCount":0,"publisher":{"@id":"https:\/\/skyddad.se\/digital-sakerhet\/#organization"},"image":{"@id":"https:\/\/skyddad.se\/digital-sakerhet\/expertpanelen\/jag-har-blivit-av-med-mitt-pass-vad-gor-jag\/#primaryimage"},"thumbnailUrl":"https:\/\/skyddad.se\/digital-sakerhet\/wp-content\/uploads\/2019\/07\/pass_s.jpg","articleSection":["Expertpanelen","St\u00f6ld"],"inLanguage":"sv-SE","potentialAction":[{"@type":"CommentAction","name":"Comment","target":["https:\/\/skyddad.se\/digital-sakerhet\/expertpanelen\/jag-har-blivit-av-med-mitt-pass-vad-gor-jag\/#respond"]}]},{"@type":"WebPage","@id":"https:\/\/skyddad.se\/digital-sakerhet\/expertpanelen\/jag-har-blivit-av-med-mitt-pass-vad-gor-jag\/","url":"https:\/\/skyddad.se\/digital-sakerhet\/expertpanelen\/jag-har-blivit-av-med-mitt-pass-vad-gor-jag\/","name":"Jag har blivit av med mitt pass, vad g\u00f6r jag?","isPartOf":{"@id":"https:\/\/skyddad.se\/digital-sakerhet\/#website"},"primaryImageOfPage":{"@id":"https:\/\/skyddad.se\/digital-sakerhet\/expertpanelen\/jag-har-blivit-av-med-mitt-pass-vad-gor-jag\/#primaryimage"},"image":{"@id":"https:\/\/skyddad.se\/digital-sakerhet\/expertpanelen\/jag-har-blivit-av-med-mitt-pass-vad-gor-jag\/#primaryimage"},"thumbnailUrl":"https:\/\/skyddad.se\/digital-sakerhet\/wp-content\/uploads\/2019\/07\/pass_s.jpg","datePublished":"2019-07-15T05:58:24+00:00","dateModified":"2021-04-29T21:13:57+00:00","breadcrumb":{"@id":"https:\/\/skyddad.se\/digital-sakerhet\/expertpanelen\/jag-har-blivit-av-med-mitt-pass-vad-gor-jag\/#breadcrumb"},"inLanguage":"sv-SE","potentialAction":[{"@type":"ReadAction","target":["https:\/\/skyddad.se\/digital-sakerhet\/expertpanelen\/jag-har-blivit-av-med-mitt-pass-vad-gor-jag\/"]}]},{"@type":"ImageObject","inLanguage":"sv-SE","@id":"https:\/\/skyddad.se\/digital-sakerhet\/expertpanelen\/jag-har-blivit-av-med-mitt-pass-vad-gor-jag\/#primaryimage","url":"https:\/\/skyddad.se\/digital-sakerhet\/wp-content\/uploads\/2019\/07\/pass_s.jpg","contentUrl":"https:\/\/skyddad.se\/digital-sakerhet\/wp-content\/uploads\/2019\/07\/pass_s.jpg","width":1998,"height":1500},{"@type":"BreadcrumbList","@id":"https:\/\/skyddad.se\/digital-sakerhet\/expertpanelen\/jag-har-blivit-av-med-mitt-pass-vad-gor-jag\/#breadcrumb","itemListElement":[{"@type":"ListItem","position":1,"name":"Hem","item":"https:\/\/skyddad.se\/digital-sakerhet\/"},{"@type":"ListItem","position":2,"name":"Jag har blivit av med mitt pass, vad g\u00f6r jag?"}]},{"@type":"WebSite","@id":"https:\/\/skyddad.se\/digital-sakerhet\/#website","url":"https:\/\/skyddad.se\/digital-sakerhet\/","name":"Skyddad.se","description":"Din digitala s\u00e4kerhet","publisher":{"@id":"https:\/\/skyddad.se\/digital-sakerhet\/#organization"},"potentialAction":[{"@type":"SearchAction","target":{"@type":"EntryPoint","urlTemplate":"https:\/\/skyddad.se\/digital-sakerhet\/?s={search_term_string}"},"query-input":{"@type":"PropertyValueSpecification","valueRequired":true,"valueName":"search_term_string"}}],"inLanguage":"sv-SE"},{"@type":"Organization","@id":"https:\/\/skyddad.se\/digital-sakerhet\/#organization","name":"Skyddad.se","url":"https:\/\/skyddad.se\/digital-sakerhet\/","logo":{"@type":"ImageObject","inLanguage":"sv-SE","@id":"https:\/\/skyddad.se\/digital-sakerhet\/#\/schema\/logo\/image\/","url":"https:\/\/skyddad.se\/digital-sakerhet\/wp-content\/uploads\/2019\/07\/retina_logo_skyddad.png","contentUrl":"https:\/\/skyddad.se\/digital-sakerhet\/wp-content\/uploads\/2019\/07\/retina_logo_skyddad.png","width":544,"height":180,"caption":"Skyddad.se"},"image":{"@id":"https:\/\/skyddad.se\/digital-sakerhet\/#\/schema\/logo\/image\/"},"sameAs":["https:\/\/www.facebook.com\/skyddad.se","https:\/\/www.instagram.com\/skyddad.se\/"]},{"@type":"Person","@id":"https:\/\/skyddad.se\/digital-sakerhet\/#\/schema\/person\/d2bb4ef885526a8c7d21d18f1ee66fe6","name":"Skyddad.se","image":{"@type":"ImageObject","inLanguage":"sv-SE","@id":"https:\/\/secure.gravatar.com\/avatar\/62fcd42df9348a64f2cb9bf4f63193aeae044703522d97d1d735d7d2624c77ee?s=96&d=identicon&r=gca6931c74cffc701535fe19a98694f58","url":"https:\/\/secure.gravatar.com\/avatar\/62fcd42df9348a64f2cb9bf4f63193aeae044703522d97d1d735d7d2624c77ee?s=96&d=identicon&r=g","contentUrl":"https:\/\/secure.gravatar.com\/avatar\/62fcd42df9348a64f2cb9bf4f63193aeae044703522d97d1d735d7d2624c77ee?s=96&d=identicon&r=g","caption":"Skyddad.se"},"description":"P\u00e5 Skyddad.se f\u00f6renar vi Saddaf Sempers \u00f6ver tv\u00e5 decenniers erfarenhet inom IT-s\u00e4kerhet med Ola Josefsons f\u00f6rm\u00e5ga att se digital trygghet ur den vanliga anv\u00e4ndarens perspektiv. Tillsammans skapar vi inneh\u00e5ll som b\u00e5de \u00e4r tekniskt gediget och enkelt att ta till sig, s\u00e5 att du f\u00e5r ett skydd som fungerar i vardagen.","sameAs":["https:\/\/skyddad.se"]}]}},"authors":[{"term_id":1372531,"user_id":154261246,"is_guest":0,"slug":"skyddad-se","display_name":"Skyddad.se","avatar_url":"https:\/\/secure.gravatar.com\/avatar\/62fcd42df9348a64f2cb9bf4f63193aeae044703522d97d1d735d7d2624c77ee?s=96&d=identicon&r=g","0":null,"1":"","2":"","3":"","4":"","5":"","6":"","7":"","8":""}],"_links":{"self":[{"href":"https:\/\/skyddad.se\/digital-sakerhet\/wp-json\/wp\/v2\/posts\/849","targetHints":{"allow":["GET"]}}],"collection":[{"href":"https:\/\/skyddad.se\/digital-sakerhet\/wp-json\/wp\/v2\/posts"}],"about":[{"href":"https:\/\/skyddad.se\/digital-sakerhet\/wp-json\/wp\/v2\/types\/post"}],"author":[{"embeddable":true,"href":"https:\/\/skyddad.se\/digital-sakerhet\/wp-json\/wp\/v2\/users\/154261246"}],"replies":[{"embeddable":true,"href":"https:\/\/skyddad.se\/digital-sakerhet\/wp-json\/wp\/v2\/comments?post=849"}],"version-history":[{"count":2,"href":"https:\/\/skyddad.se\/digital-sakerhet\/wp-json\/wp\/v2\/posts\/849\/revisions"}],"predecessor-version":[{"id":882,"href":"https:\/\/skyddad.se\/digital-sakerhet\/wp-json\/wp\/v2\/posts\/849\/revisions\/882"}],"wp:featuredmedia":[{"embeddable":true,"href":"https:\/\/skyddad.se\/digital-sakerhet\/wp-json\/wp\/v2\/media\/909"}],"wp:attachment":[{"href":"https:\/\/skyddad.se\/digital-sakerhet\/wp-json\/wp\/v2\/media?parent=849"}],"wp:term":[{"taxonomy":"category","embeddable":true,"href":"https:\/\/skyddad.se\/digital-sakerhet\/wp-json\/wp\/v2\/categories?post=849"},{"taxonomy":"post_tag","embeddable":true,"href":"https:\/\/skyddad.se\/digital-sakerhet\/wp-json\/wp\/v2\/tags?post=849"},{"taxonomy":"author","embeddable":true,"href":"https:\/\/skyddad.se\/digital-sakerhet\/wp-json\/wp\/v2\/ppma_author?post=849"}],"curies":[{"name":"wp","href":"https:\/\/api.w.org\/{rel}","templated":true}]}}