{"id":853,"date":"2019-07-15T07:59:29","date_gmt":"2019-07-15T05:59:29","guid":{"rendered":"https:\/\/skyddad.se\/digital-sakerhet\/?p=853"},"modified":"2023-10-03T17:56:49","modified_gmt":"2023-10-03T15:56:49","slug":"har-tappat-mitt-korkort-vad-skall-jag-gora","status":"publish","type":"post","link":"https:\/\/skyddad.se\/digital-sakerhet\/expertpanelen\/har-tappat-mitt-korkort-vad-skall-jag-gora\/","title":{"rendered":"Jag har tappat mitt k\u00f6rkort, vad ska jag g\u00f6ra?"},"content":{"rendered":"\n<p>Om ditt k\u00f6rkort har kommit bort ska du f\u00f6rlustanm\u00e4la det till Transportstyrelsen. N\u00e4r f\u00f6rlustanm\u00e4lan kommit in skickar Transportstyrelsen en blankett hem till dig som du m\u00e5ste fylla i. Du f\u00e5r forts\u00e4tta k\u00f6ra bil \u00e4ven f\u00f6re du hunnit f\u00e5 ett nytt k\u00f6rkort, s\u00e5 l\u00e4nge du har legitimation med dig. <br><br>Eftersom k\u00f6rkortet \u00e4r en id-handling ska du \u00e4ven anm\u00e4la f\u00f6rlusten till polisen.<\/p>\n\n\n\n<p><strong>Besvarad av: Skyddad.se<\/strong><\/p>\n","protected":false},"excerpt":{"rendered":"<p>Om ditt k\u00f6rkort har kommit bort ska du f\u00f6rlustanm\u00e4la det till Transportstyrelsen. N\u00e4r f\u00f6rlustanm\u00e4lan kommit in skickar Transportstyrelsen en blankett hem till dig som du m\u00e5ste fylla i. Du f\u00e5r forts\u00e4tta k\u00f6ra bil \u00e4ven f\u00f6re du hunnit f\u00e5 ett nytt k\u00f6rkort, s\u00e5 l\u00e4nge du har legitimation med dig. Eftersom k\u00f6rkortet \u00e4r en id-handling ska du [&hellip;]<\/p>\n","protected":false},"author":154261246,"featured_media":875,"comment_status":"open","ping_status":"open","sticky":false,"template":"","format":"standard","meta":{"footnotes":""},"categories":[1372351,1372454],"tags":[],"ppma_author":[1372531],"class_list":{"0":"post-853","1":"post","2":"type-post","3":"status-publish","4":"format-standard","5":"has-post-thumbnail","7":"category-expertpanelen","8":"category-stold"},"yoast_head":"<!-- This site is optimized with the Yoast SEO plugin v27.4 - https:\/\/yoast.com\/product\/yoast-seo-wordpress\/ -->\n<title>Jag har tappat mitt k\u00f6rkort, vad ska jag g\u00f6ra?<\/title>\n<meta name=\"robots\" content=\"index, follow, max-snippet:-1, max-image-preview:large, max-video-preview:-1\" \/>\n<link rel=\"canonical\" href=\"https:\/\/skyddad.se\/digital-sakerhet\/expertpanelen\/har-tappat-mitt-korkort-vad-skall-jag-gora\/\" \/>\n<meta property=\"og:locale\" content=\"sv_SE\" \/>\n<meta property=\"og:type\" content=\"article\" \/>\n<meta property=\"og:title\" content=\"Jag har tappat mitt k\u00f6rkort, vad ska jag g\u00f6ra?\" \/>\n<meta property=\"og:description\" content=\"Om ditt k\u00f6rkort har kommit bort ska du f\u00f6rlustanm\u00e4la det till Transportstyrelsen. N\u00e4r f\u00f6rlustanm\u00e4lan kommit in skickar Transportstyrelsen en blankett hem till dig som du m\u00e5ste fylla i. Du f\u00e5r forts\u00e4tta k\u00f6ra bil \u00e4ven f\u00f6re du hunnit f\u00e5 ett nytt k\u00f6rkort, s\u00e5 l\u00e4nge du har legitimation med dig. Eftersom k\u00f6rkortet \u00e4r en id-handling ska du [&hellip;]\" \/>\n<meta property=\"og:url\" content=\"https:\/\/skyddad.se\/digital-sakerhet\/expertpanelen\/har-tappat-mitt-korkort-vad-skall-jag-gora\/\" \/>\n<meta property=\"og:site_name\" content=\"Skyddad.se\" \/>\n<meta property=\"article:publisher\" content=\"https:\/\/www.facebook.com\/skyddad.se\" \/>\n<meta property=\"article:published_time\" content=\"2019-07-15T05:59:29+00:00\" \/>\n<meta property=\"article:modified_time\" content=\"2023-10-03T15:56:49+00:00\" \/>\n<meta property=\"og:image\" content=\"https:\/\/skyddad.se\/digital-sakerhet\/wp-content\/uploads\/2019\/07\/korkort.jpg\" \/>\n\t<meta property=\"og:image:width\" content=\"2123\" \/>\n\t<meta property=\"og:image:height\" content=\"1411\" \/>\n\t<meta property=\"og:image:type\" content=\"image\/jpeg\" \/>\n<meta name=\"author\" content=\"Skyddad.se\" \/>\n<meta name=\"twitter:card\" content=\"summary_large_image\" \/>\n<meta name=\"twitter:label1\" content=\"Skriven av\" \/>\n\t<meta name=\"twitter:data1\" content=\"Skyddad.se\" \/>\n\t<meta name=\"twitter:label2\" content=\"Ber\u00e4knad l\u00e4stid\" \/>\n\t<meta name=\"twitter:data2\" content=\"1 minut\" \/>\n<script type=\"application\/ld+json\" class=\"yoast-schema-graph\">{\"@context\":\"https:\\\/\\\/schema.org\",\"@graph\":[{\"@type\":\"Article\",\"@id\":\"https:\\\/\\\/skyddad.se\\\/digital-sakerhet\\\/expertpanelen\\\/har-tappat-mitt-korkort-vad-skall-jag-gora\\\/#article\",\"isPartOf\":{\"@id\":\"https:\\\/\\\/skyddad.se\\\/digital-sakerhet\\\/expertpanelen\\\/har-tappat-mitt-korkort-vad-skall-jag-gora\\\/\"},\"author\":{\"name\":\"Skyddad.se\",\"@id\":\"https:\\\/\\\/skyddad.se\\\/digital-sakerhet\\\/#\\\/schema\\\/person\\\/d2bb4ef885526a8c7d21d18f1ee66fe6\"},\"headline\":\"Jag har tappat mitt k\u00f6rkort, vad ska jag g\u00f6ra?\",\"datePublished\":\"2019-07-15T05:59:29+00:00\",\"dateModified\":\"2023-10-03T15:56:49+00:00\",\"mainEntityOfPage\":{\"@id\":\"https:\\\/\\\/skyddad.se\\\/digital-sakerhet\\\/expertpanelen\\\/har-tappat-mitt-korkort-vad-skall-jag-gora\\\/\"},\"wordCount\":91,\"commentCount\":0,\"publisher\":{\"@id\":\"https:\\\/\\\/skyddad.se\\\/digital-sakerhet\\\/#organization\"},\"image\":{\"@id\":\"https:\\\/\\\/skyddad.se\\\/digital-sakerhet\\\/expertpanelen\\\/har-tappat-mitt-korkort-vad-skall-jag-gora\\\/#primaryimage\"},\"thumbnailUrl\":\"https:\\\/\\\/skyddad.se\\\/digital-sakerhet\\\/wp-content\\\/uploads\\\/2019\\\/07\\\/korkort.jpg\",\"articleSection\":[\"Expertpanelen\",\"St\u00f6ld\"],\"inLanguage\":\"sv-SE\",\"potentialAction\":[{\"@type\":\"CommentAction\",\"name\":\"Comment\",\"target\":[\"https:\\\/\\\/skyddad.se\\\/digital-sakerhet\\\/expertpanelen\\\/har-tappat-mitt-korkort-vad-skall-jag-gora\\\/#respond\"]}]},{\"@type\":\"WebPage\",\"@id\":\"https:\\\/\\\/skyddad.se\\\/digital-sakerhet\\\/expertpanelen\\\/har-tappat-mitt-korkort-vad-skall-jag-gora\\\/\",\"url\":\"https:\\\/\\\/skyddad.se\\\/digital-sakerhet\\\/expertpanelen\\\/har-tappat-mitt-korkort-vad-skall-jag-gora\\\/\",\"name\":\"Jag har tappat mitt k\u00f6rkort, vad ska jag g\u00f6ra?\",\"isPartOf\":{\"@id\":\"https:\\\/\\\/skyddad.se\\\/digital-sakerhet\\\/#website\"},\"primaryImageOfPage\":{\"@id\":\"https:\\\/\\\/skyddad.se\\\/digital-sakerhet\\\/expertpanelen\\\/har-tappat-mitt-korkort-vad-skall-jag-gora\\\/#primaryimage\"},\"image\":{\"@id\":\"https:\\\/\\\/skyddad.se\\\/digital-sakerhet\\\/expertpanelen\\\/har-tappat-mitt-korkort-vad-skall-jag-gora\\\/#primaryimage\"},\"thumbnailUrl\":\"https:\\\/\\\/skyddad.se\\\/digital-sakerhet\\\/wp-content\\\/uploads\\\/2019\\\/07\\\/korkort.jpg\",\"datePublished\":\"2019-07-15T05:59:29+00:00\",\"dateModified\":\"2023-10-03T15:56:49+00:00\",\"breadcrumb\":{\"@id\":\"https:\\\/\\\/skyddad.se\\\/digital-sakerhet\\\/expertpanelen\\\/har-tappat-mitt-korkort-vad-skall-jag-gora\\\/#breadcrumb\"},\"inLanguage\":\"sv-SE\",\"potentialAction\":[{\"@type\":\"ReadAction\",\"target\":[\"https:\\\/\\\/skyddad.se\\\/digital-sakerhet\\\/expertpanelen\\\/har-tappat-mitt-korkort-vad-skall-jag-gora\\\/\"]}]},{\"@type\":\"ImageObject\",\"inLanguage\":\"sv-SE\",\"@id\":\"https:\\\/\\\/skyddad.se\\\/digital-sakerhet\\\/expertpanelen\\\/har-tappat-mitt-korkort-vad-skall-jag-gora\\\/#primaryimage\",\"url\":\"https:\\\/\\\/skyddad.se\\\/digital-sakerhet\\\/wp-content\\\/uploads\\\/2019\\\/07\\\/korkort.jpg\",\"contentUrl\":\"https:\\\/\\\/skyddad.se\\\/digital-sakerhet\\\/wp-content\\\/uploads\\\/2019\\\/07\\\/korkort.jpg\",\"width\":2123,\"height\":1411},{\"@type\":\"BreadcrumbList\",\"@id\":\"https:\\\/\\\/skyddad.se\\\/digital-sakerhet\\\/expertpanelen\\\/har-tappat-mitt-korkort-vad-skall-jag-gora\\\/#breadcrumb\",\"itemListElement\":[{\"@type\":\"ListItem\",\"position\":1,\"name\":\"Hem\",\"item\":\"https:\\\/\\\/skyddad.se\\\/digital-sakerhet\\\/\"},{\"@type\":\"ListItem\",\"position\":2,\"name\":\"Jag har tappat mitt k\u00f6rkort, vad ska jag g\u00f6ra?\"}]},{\"@type\":\"WebSite\",\"@id\":\"https:\\\/\\\/skyddad.se\\\/digital-sakerhet\\\/#website\",\"url\":\"https:\\\/\\\/skyddad.se\\\/digital-sakerhet\\\/\",\"name\":\"Skyddad.se\",\"description\":\"Din digitala s\u00e4kerhet\",\"publisher\":{\"@id\":\"https:\\\/\\\/skyddad.se\\\/digital-sakerhet\\\/#organization\"},\"potentialAction\":[{\"@type\":\"SearchAction\",\"target\":{\"@type\":\"EntryPoint\",\"urlTemplate\":\"https:\\\/\\\/skyddad.se\\\/digital-sakerhet\\\/?s={search_term_string}\"},\"query-input\":{\"@type\":\"PropertyValueSpecification\",\"valueRequired\":true,\"valueName\":\"search_term_string\"}}],\"inLanguage\":\"sv-SE\"},{\"@type\":\"Organization\",\"@id\":\"https:\\\/\\\/skyddad.se\\\/digital-sakerhet\\\/#organization\",\"name\":\"Skyddad.se\",\"url\":\"https:\\\/\\\/skyddad.se\\\/digital-sakerhet\\\/\",\"logo\":{\"@type\":\"ImageObject\",\"inLanguage\":\"sv-SE\",\"@id\":\"https:\\\/\\\/skyddad.se\\\/digital-sakerhet\\\/#\\\/schema\\\/logo\\\/image\\\/\",\"url\":\"https:\\\/\\\/skyddad.se\\\/digital-sakerhet\\\/wp-content\\\/uploads\\\/2019\\\/07\\\/retina_logo_skyddad.png\",\"contentUrl\":\"https:\\\/\\\/skyddad.se\\\/digital-sakerhet\\\/wp-content\\\/uploads\\\/2019\\\/07\\\/retina_logo_skyddad.png\",\"width\":544,\"height\":180,\"caption\":\"Skyddad.se\"},\"image\":{\"@id\":\"https:\\\/\\\/skyddad.se\\\/digital-sakerhet\\\/#\\\/schema\\\/logo\\\/image\\\/\"},\"sameAs\":[\"https:\\\/\\\/www.facebook.com\\\/skyddad.se\",\"https:\\\/\\\/www.instagram.com\\\/skyddad.se\\\/\"]},{\"@type\":\"Person\",\"@id\":\"https:\\\/\\\/skyddad.se\\\/digital-sakerhet\\\/#\\\/schema\\\/person\\\/d2bb4ef885526a8c7d21d18f1ee66fe6\",\"name\":\"Skyddad.se\",\"image\":{\"@type\":\"ImageObject\",\"inLanguage\":\"sv-SE\",\"@id\":\"https:\\\/\\\/secure.gravatar.com\\\/avatar\\\/62fcd42df9348a64f2cb9bf4f63193aeae044703522d97d1d735d7d2624c77ee?s=96&d=identicon&r=gca6931c74cffc701535fe19a98694f58\",\"url\":\"https:\\\/\\\/secure.gravatar.com\\\/avatar\\\/62fcd42df9348a64f2cb9bf4f63193aeae044703522d97d1d735d7d2624c77ee?s=96&d=identicon&r=g\",\"contentUrl\":\"https:\\\/\\\/secure.gravatar.com\\\/avatar\\\/62fcd42df9348a64f2cb9bf4f63193aeae044703522d97d1d735d7d2624c77ee?s=96&d=identicon&r=g\",\"caption\":\"Skyddad.se\"},\"description\":\"P\u00e5 Skyddad.se f\u00f6renar vi Saddaf Sempers \u00f6ver tv\u00e5 decenniers erfarenhet inom IT-s\u00e4kerhet med Ola Josefsons f\u00f6rm\u00e5ga att se digital trygghet ur den vanliga anv\u00e4ndarens perspektiv. Tillsammans skapar vi inneh\u00e5ll som b\u00e5de \u00e4r tekniskt gediget och enkelt att ta till sig, s\u00e5 att du f\u00e5r ett skydd som fungerar i vardagen.\",\"sameAs\":[\"https:\\\/\\\/skyddad.se\"]}]}<\/script>\n<!-- \/ Yoast SEO plugin. -->","yoast_head_json":{"title":"Jag har tappat mitt k\u00f6rkort, vad ska jag g\u00f6ra?","robots":{"index":"index","follow":"follow","max-snippet":"max-snippet:-1","max-image-preview":"max-image-preview:large","max-video-preview":"max-video-preview:-1"},"canonical":"https:\/\/skyddad.se\/digital-sakerhet\/expertpanelen\/har-tappat-mitt-korkort-vad-skall-jag-gora\/","og_locale":"sv_SE","og_type":"article","og_title":"Jag har tappat mitt k\u00f6rkort, vad ska jag g\u00f6ra?","og_description":"Om ditt k\u00f6rkort har kommit bort ska du f\u00f6rlustanm\u00e4la det till Transportstyrelsen. N\u00e4r f\u00f6rlustanm\u00e4lan kommit in skickar Transportstyrelsen en blankett hem till dig som du m\u00e5ste fylla i. Du f\u00e5r forts\u00e4tta k\u00f6ra bil \u00e4ven f\u00f6re du hunnit f\u00e5 ett nytt k\u00f6rkort, s\u00e5 l\u00e4nge du har legitimation med dig. Eftersom k\u00f6rkortet \u00e4r en id-handling ska du [&hellip;]","og_url":"https:\/\/skyddad.se\/digital-sakerhet\/expertpanelen\/har-tappat-mitt-korkort-vad-skall-jag-gora\/","og_site_name":"Skyddad.se","article_publisher":"https:\/\/www.facebook.com\/skyddad.se","article_published_time":"2019-07-15T05:59:29+00:00","article_modified_time":"2023-10-03T15:56:49+00:00","og_image":[{"width":2123,"height":1411,"url":"https:\/\/skyddad.se\/digital-sakerhet\/wp-content\/uploads\/2019\/07\/korkort.jpg","type":"image\/jpeg"}],"author":"Skyddad.se","twitter_card":"summary_large_image","twitter_misc":{"Skriven av":"Skyddad.se","Ber\u00e4knad l\u00e4stid":"1 minut"},"schema":{"@context":"https:\/\/schema.org","@graph":[{"@type":"Article","@id":"https:\/\/skyddad.se\/digital-sakerhet\/expertpanelen\/har-tappat-mitt-korkort-vad-skall-jag-gora\/#article","isPartOf":{"@id":"https:\/\/skyddad.se\/digital-sakerhet\/expertpanelen\/har-tappat-mitt-korkort-vad-skall-jag-gora\/"},"author":{"name":"Skyddad.se","@id":"https:\/\/skyddad.se\/digital-sakerhet\/#\/schema\/person\/d2bb4ef885526a8c7d21d18f1ee66fe6"},"headline":"Jag har tappat mitt k\u00f6rkort, vad ska jag g\u00f6ra?","datePublished":"2019-07-15T05:59:29+00:00","dateModified":"2023-10-03T15:56:49+00:00","mainEntityOfPage":{"@id":"https:\/\/skyddad.se\/digital-sakerhet\/expertpanelen\/har-tappat-mitt-korkort-vad-skall-jag-gora\/"},"wordCount":91,"commentCount":0,"publisher":{"@id":"https:\/\/skyddad.se\/digital-sakerhet\/#organization"},"image":{"@id":"https:\/\/skyddad.se\/digital-sakerhet\/expertpanelen\/har-tappat-mitt-korkort-vad-skall-jag-gora\/#primaryimage"},"thumbnailUrl":"https:\/\/skyddad.se\/digital-sakerhet\/wp-content\/uploads\/2019\/07\/korkort.jpg","articleSection":["Expertpanelen","St\u00f6ld"],"inLanguage":"sv-SE","potentialAction":[{"@type":"CommentAction","name":"Comment","target":["https:\/\/skyddad.se\/digital-sakerhet\/expertpanelen\/har-tappat-mitt-korkort-vad-skall-jag-gora\/#respond"]}]},{"@type":"WebPage","@id":"https:\/\/skyddad.se\/digital-sakerhet\/expertpanelen\/har-tappat-mitt-korkort-vad-skall-jag-gora\/","url":"https:\/\/skyddad.se\/digital-sakerhet\/expertpanelen\/har-tappat-mitt-korkort-vad-skall-jag-gora\/","name":"Jag har tappat mitt k\u00f6rkort, vad ska jag g\u00f6ra?","isPartOf":{"@id":"https:\/\/skyddad.se\/digital-sakerhet\/#website"},"primaryImageOfPage":{"@id":"https:\/\/skyddad.se\/digital-sakerhet\/expertpanelen\/har-tappat-mitt-korkort-vad-skall-jag-gora\/#primaryimage"},"image":{"@id":"https:\/\/skyddad.se\/digital-sakerhet\/expertpanelen\/har-tappat-mitt-korkort-vad-skall-jag-gora\/#primaryimage"},"thumbnailUrl":"https:\/\/skyddad.se\/digital-sakerhet\/wp-content\/uploads\/2019\/07\/korkort.jpg","datePublished":"2019-07-15T05:59:29+00:00","dateModified":"2023-10-03T15:56:49+00:00","breadcrumb":{"@id":"https:\/\/skyddad.se\/digital-sakerhet\/expertpanelen\/har-tappat-mitt-korkort-vad-skall-jag-gora\/#breadcrumb"},"inLanguage":"sv-SE","potentialAction":[{"@type":"ReadAction","target":["https:\/\/skyddad.se\/digital-sakerhet\/expertpanelen\/har-tappat-mitt-korkort-vad-skall-jag-gora\/"]}]},{"@type":"ImageObject","inLanguage":"sv-SE","@id":"https:\/\/skyddad.se\/digital-sakerhet\/expertpanelen\/har-tappat-mitt-korkort-vad-skall-jag-gora\/#primaryimage","url":"https:\/\/skyddad.se\/digital-sakerhet\/wp-content\/uploads\/2019\/07\/korkort.jpg","contentUrl":"https:\/\/skyddad.se\/digital-sakerhet\/wp-content\/uploads\/2019\/07\/korkort.jpg","width":2123,"height":1411},{"@type":"BreadcrumbList","@id":"https:\/\/skyddad.se\/digital-sakerhet\/expertpanelen\/har-tappat-mitt-korkort-vad-skall-jag-gora\/#breadcrumb","itemListElement":[{"@type":"ListItem","position":1,"name":"Hem","item":"https:\/\/skyddad.se\/digital-sakerhet\/"},{"@type":"ListItem","position":2,"name":"Jag har tappat mitt k\u00f6rkort, vad ska jag g\u00f6ra?"}]},{"@type":"WebSite","@id":"https:\/\/skyddad.se\/digital-sakerhet\/#website","url":"https:\/\/skyddad.se\/digital-sakerhet\/","name":"Skyddad.se","description":"Din digitala s\u00e4kerhet","publisher":{"@id":"https:\/\/skyddad.se\/digital-sakerhet\/#organization"},"potentialAction":[{"@type":"SearchAction","target":{"@type":"EntryPoint","urlTemplate":"https:\/\/skyddad.se\/digital-sakerhet\/?s={search_term_string}"},"query-input":{"@type":"PropertyValueSpecification","valueRequired":true,"valueName":"search_term_string"}}],"inLanguage":"sv-SE"},{"@type":"Organization","@id":"https:\/\/skyddad.se\/digital-sakerhet\/#organization","name":"Skyddad.se","url":"https:\/\/skyddad.se\/digital-sakerhet\/","logo":{"@type":"ImageObject","inLanguage":"sv-SE","@id":"https:\/\/skyddad.se\/digital-sakerhet\/#\/schema\/logo\/image\/","url":"https:\/\/skyddad.se\/digital-sakerhet\/wp-content\/uploads\/2019\/07\/retina_logo_skyddad.png","contentUrl":"https:\/\/skyddad.se\/digital-sakerhet\/wp-content\/uploads\/2019\/07\/retina_logo_skyddad.png","width":544,"height":180,"caption":"Skyddad.se"},"image":{"@id":"https:\/\/skyddad.se\/digital-sakerhet\/#\/schema\/logo\/image\/"},"sameAs":["https:\/\/www.facebook.com\/skyddad.se","https:\/\/www.instagram.com\/skyddad.se\/"]},{"@type":"Person","@id":"https:\/\/skyddad.se\/digital-sakerhet\/#\/schema\/person\/d2bb4ef885526a8c7d21d18f1ee66fe6","name":"Skyddad.se","image":{"@type":"ImageObject","inLanguage":"sv-SE","@id":"https:\/\/secure.gravatar.com\/avatar\/62fcd42df9348a64f2cb9bf4f63193aeae044703522d97d1d735d7d2624c77ee?s=96&d=identicon&r=gca6931c74cffc701535fe19a98694f58","url":"https:\/\/secure.gravatar.com\/avatar\/62fcd42df9348a64f2cb9bf4f63193aeae044703522d97d1d735d7d2624c77ee?s=96&d=identicon&r=g","contentUrl":"https:\/\/secure.gravatar.com\/avatar\/62fcd42df9348a64f2cb9bf4f63193aeae044703522d97d1d735d7d2624c77ee?s=96&d=identicon&r=g","caption":"Skyddad.se"},"description":"P\u00e5 Skyddad.se f\u00f6renar vi Saddaf Sempers \u00f6ver tv\u00e5 decenniers erfarenhet inom IT-s\u00e4kerhet med Ola Josefsons f\u00f6rm\u00e5ga att se digital trygghet ur den vanliga anv\u00e4ndarens perspektiv. Tillsammans skapar vi inneh\u00e5ll som b\u00e5de \u00e4r tekniskt gediget och enkelt att ta till sig, s\u00e5 att du f\u00e5r ett skydd som fungerar i vardagen.","sameAs":["https:\/\/skyddad.se"]}]}},"authors":[{"term_id":1372531,"user_id":154261246,"is_guest":0,"slug":"skyddad-se","display_name":"Skyddad.se","avatar_url":"https:\/\/secure.gravatar.com\/avatar\/62fcd42df9348a64f2cb9bf4f63193aeae044703522d97d1d735d7d2624c77ee?s=96&d=identicon&r=g","0":null,"1":"","2":"","3":"","4":"","5":"","6":"","7":"","8":""}],"_links":{"self":[{"href":"https:\/\/skyddad.se\/digital-sakerhet\/wp-json\/wp\/v2\/posts\/853","targetHints":{"allow":["GET"]}}],"collection":[{"href":"https:\/\/skyddad.se\/digital-sakerhet\/wp-json\/wp\/v2\/posts"}],"about":[{"href":"https:\/\/skyddad.se\/digital-sakerhet\/wp-json\/wp\/v2\/types\/post"}],"author":[{"embeddable":true,"href":"https:\/\/skyddad.se\/digital-sakerhet\/wp-json\/wp\/v2\/users\/154261246"}],"replies":[{"embeddable":true,"href":"https:\/\/skyddad.se\/digital-sakerhet\/wp-json\/wp\/v2\/comments?post=853"}],"version-history":[{"count":5,"href":"https:\/\/skyddad.se\/digital-sakerhet\/wp-json\/wp\/v2\/posts\/853\/revisions"}],"predecessor-version":[{"id":3224,"href":"https:\/\/skyddad.se\/digital-sakerhet\/wp-json\/wp\/v2\/posts\/853\/revisions\/3224"}],"wp:featuredmedia":[{"embeddable":true,"href":"https:\/\/skyddad.se\/digital-sakerhet\/wp-json\/wp\/v2\/media\/875"}],"wp:attachment":[{"href":"https:\/\/skyddad.se\/digital-sakerhet\/wp-json\/wp\/v2\/media?parent=853"}],"wp:term":[{"taxonomy":"category","embeddable":true,"href":"https:\/\/skyddad.se\/digital-sakerhet\/wp-json\/wp\/v2\/categories?post=853"},{"taxonomy":"post_tag","embeddable":true,"href":"https:\/\/skyddad.se\/digital-sakerhet\/wp-json\/wp\/v2\/tags?post=853"},{"taxonomy":"author","embeddable":true,"href":"https:\/\/skyddad.se\/digital-sakerhet\/wp-json\/wp\/v2\/ppma_author?post=853"}],"curies":[{"name":"wp","href":"https:\/\/api.w.org\/{rel}","templated":true}]}}